{"id":50,"date":"2024-12-09T08:52:18","date_gmt":"2024-12-09T13:52:18","guid":{"rendered":"https:\/\/multi-monde.ca\/es\/?p=50"},"modified":"2025-09-21T09:33:48","modified_gmt":"2025-09-21T13:33:48","slug":"mi-amigo-el-terrorista-una-historia-de-amor-y-revolucion","status":"publish","type":"post","link":"https:\/\/multi-monde.ca\/es\/mi-amigo-el-terrorista-una-historia-de-amor-y-revolucion\/","title":{"rendered":"Mi Amigo el Terrorista &#8211; Una Historia de amor y revoluci\u00f3n"},"content":{"rendered":"<p class=\"p1\">Durante los primeros 25 a\u00f1os de su vida adulta, a Jos\u00e9 Mar\u00eda Sison se le conoci\u00f3, a niveles diferentes, como el Fidel Castro, el Mao Zedong y el Che Guevara de Filipinas. Desde hace 35 a\u00f1os vive en el exilio, a 10.000 km del bullicio, las intrigas, los sobornos y la miseria de Manila, en la tranquila ciudad medieval de Utrecht (Pa\u00edses Bajos). En los a\u00f1os sesenta, Jos\u00e9 Mar\u00eda Sison fund\u00f3 el Partido Comunista de Filipinas (PCF) y su brazo guerrillero-militar, el Nuevo Ej\u00e9rcito del Pueblo (NPA), cuyas nobles e infames actividades le valieron la revocaci\u00f3n de su pasaporte filipino en 1987. Para el Departamento de Estado estadounidense, el gobierno filipino y algunas autoridades europeas, Sison es un aut\u00e9ntico terrorista. Junto con su esposa Julie (84) vive una existencia espartana y, sin embargo, son la pareja m\u00e1s encantadora. Esta es su historia de amor: el amor que se tienen entre s\u00ed, su amor por la patria y el amor que les profesan gran n\u00famero de compatriotas.<\/p>\n<p class=\"p1\">100 min.<\/p>\n<h3 class=\"p1\">Pr\u00f3ximas proyecciones<\/h3>\n<p><strong>Ciudad Quez\u00f3n, Filipinas:<\/strong> 10 de diciembre de 2025<\/p>\n<p><strong>Utrecht, Pa\u00edses Bajos:<\/strong> 13 de diciembre de 2025<\/p>\n<blockquote>\n<div class=\"entry-content\">\n<p><span style=\"color: #cc99ff;\"><em>&#8220;La entrevista que Malcolm hizo en 2016 a Rodrigo Duterte es quiz\u00e1 la \u00fanica en su g\u00e9nero.<\/em> <em>En ella, el infame presidente tirano arroja sombra sobre el establishment fascista filipino y relata una parte de su historia como estudiante que adquiri\u00f3 conocimientos sobre la injusticia social gracias a su instructor universitario, Joma Sison.&#8221;<\/em><\/span> &#8211; <strong>Sarah Raymundo<\/strong>, Profesora del Centro de Estudios Internacionales de la Universidad de Filipinas-Diliman, Presidenta de la Asociaci\u00f3n de Amistad Filipinas-Venezuela Bolivariana y Oficial de Enlace Internacional de Bagong Alyansang Makabayan<\/p>\n<p><span style=\"color: #cc99ff;\"><em>&#8220;A trav\u00e9s de entrevistas individuales y fotos de grupo de celebraciones comunitarias, ejercicios militares y cl\u00ednicas m\u00e9dicas, conocemos a una peculiar y sincera comunidad de lucha armada que recorre el camino que Sison y de Lima ayudaron a hacer para ellos hace d\u00e9cadas.<\/em> <em>Lejos de ser dogm\u00e1tica o dominante, la pel\u00edcula hace que la revoluci\u00f3n comunista en Filipinas parezca flexible, \u00fatil y resonante.<\/em> <em>La gente la est\u00e1 haciendo suya\u00bb.<\/em><\/span> &#8211; <strong>Owen Toews<\/strong>, autor de la galardonada obra de no ficci\u00f3n <b><i>Stolen City:<\/i><\/b> <b><i>Racial Capitalism and the Making of Winnipeg (Ciudad robada: el capitalismo racial y la creaci\u00f3n de Winnipeg).<\/i><\/b><\/p>\n<h3><span style=\"color: #ffff00;\"><strong>Proyecciones previas:<\/strong><\/span><\/h3>\n<p><strong>Edmonton.<\/strong> <strong>Domingo 15 de diciembre de 2024 a las 15:00 horas<\/strong><\/p>\n<p><a href=\"https:\/\/www.jhcentre.org\/justice4reel-film-festival\">https:\/\/www.jhcentre.org\/justice4reel-film-festival<\/a><\/p>\n<p><strong>Ottawa.<\/strong> <strong>Lunes 16 de diciembre de 2024, a las 18:30 h.<\/strong> <strong>| Teatro Mayfair, Ottawa<\/strong><\/p>\n<p><a href=\"https:\/\/www.facebook.com\/share\/15XgaM5Pkj\/\">https:\/\/www.facebook.com\/share\/15XgaM5Pkj\/<\/a><\/p>\n<p><strong>Montreal.<\/strong> <strong>Viernes 20 de diciembre (19.30 h &#8211; franc\u00e9s s-t) y s\u00e1bado 21 de diciembre (18.15 h &#8211; ingl\u00e9s s-t) &#8211; Cin\u00e9math\u00e8que qu\u00e9b\u00e9coise.<\/strong><\/p>\n<p>Proyecciones seguidas de debate con los codirectores <strong>Malcolm Guy<\/strong> y <strong>Demetri Estdelacropolis<\/strong>.<\/p>\n<p><a href=\"https:\/\/www.cinematheque.qc.ca\/fr\/cinema\/mon-ami-le-terroriste\/\">https:\/\/www.cinematheque.qc.ca\/fr\/cinema\/mon-ami-le-terroriste\/<\/a><\/p>\n<h4 class=\"p1\">Toronto: Feb. 15 &#8211; 2:30-6:00 pm, Innis Town Hall<\/h4>\n<p class=\"p3\"><span class=\"s1\">Entradas: <a href=\"https:\/\/cpso.tickit.ca\/events\/27661\">https:\/\/cpso.tickit.ca\/events\/27661<\/a><\/span><\/p>\n<h4 class=\"p1\">Vancouver: 20 de febrero 2025 &#8211; 6 pm, UBC Norm Theatre<\/h4>\n<h4 class=\"p1\">Nueva York: 26 de febrero 2025<\/h4>\n<h4 class=\"p1\">Vancouver: 16 de marzo de 2025 &#8211; 12:15 pm, Rio Theatre<strong><a href=\"https:\/\/riotheatre.ca\/movie\/my-friend-the-terrorist\/\">https:\/\/riotheatre.ca\/movie\/my-friend-the-terrorist\/<\/a><\/strong><\/h4>\n<p><strong>Montreal: <\/strong>29 de marzo 2025 \u2013 2pm, 1710 Beaudry local 2.10<\/p>\n<p><strong>Ciudad de Guatemala : <\/strong>29 de marzo 2025<\/p>\n<p><strong>Nueva York:<\/strong> 25 de abril de 2025 &#8211; Maysles Documentary Center<\/p>\n<p><strong>Winnipeg:<\/strong> 26 de mayo de 2025 &#8211; Dave Barber Cinematheque<\/p>\n<p><strong>Calgary:<\/strong> 10 de junio de 2025 &#8211; Como Se Dice<\/p>\n<p><strong>Bogot\u00e1, Colombia:<\/strong> 22 de junio de 2025 &#8211; casa cultural de Potos\u00ed<\/p>\n<p class=\"p3\"><span class=\"s1\">Entradas: <a href=\"https:\/\/riotheatre.ca\/movie\/my-friend-the-terrorist\/\">https:\/\/riotheatre.ca\/movie\/my-friend-the-terrorist\/<\/a><\/span><\/p>\n<p class=\"p3\"><strong>Par\u00eds<\/strong>: 27 de junio de 2025 &#8211; Espace Saint Michel<\/p>\n<p class=\"p3\"><strong>Bogot\u00e1, Colombia:<\/strong> 25 de julio de 2025 &#8211; Cinematica de Bogot\u00e1<\/p>\n<p><strong>Los \u00c1ngeles, EE. UU.<\/strong> \u2013 9 de agosto de 2025<\/p>\n<p><strong>Seattle, EE. UU.:<\/strong> 23 de agosto de 2025<\/p>\n<p><strong>Ciudad Quez\u00f3n, Filipinas:<\/strong> 16 de septiembre de 2025<\/p>\n<p><span style=\"color: #ffff00;\"><strong>SIGUE EL VIAJE:<\/strong><\/span><\/p>\n<p><strong>Instagram<\/strong>: @myfriendtheterrorist<\/p>\n<p><strong>YouTube<\/strong>: Multi-Monde Films<\/p>\n<p><strong>Facebook<\/strong>: \/A tale of love and revolution<\/p>\n<p><span style=\"color: #ffff99;\"><strong>\u00a0<\/strong><\/span><\/p>\n<p>La pel\u00edcula se estren\u00f3 en Montreal, en el Cin\u00e9ma Quartier Latin, en el marco de la Rendez-vous Qu\u00e9bec Cin\u00e9ma 2024.<\/p>\n<p>&nbsp;<\/p>\n<\/div>\n<\/blockquote>\n<p class=\"p1\"><a href=\"https:\/\/multi-monde.ca\/wp-content\/uploads\/2023\/12\/BW-1-copie.jpg\"><img loading=\"lazy\" decoding=\"async\" class=\"alignnone wp-image-3779 \" src=\"https:\/\/multi-monde.ca\/wp-content\/uploads\/2023\/12\/BW-1-copie-e1706635761867-300x231.jpg\" alt=\"\" width=\"935\" height=\"720\" \/><\/a><\/p>\n<p><a href=\"https:\/\/multi-monde.ca\/wp-content\/uploads\/2024\/01\/celeb002.jpg\"><img loading=\"lazy\" decoding=\"async\" class=\"alignnone wp-image-3801\" src=\"https:\/\/multi-monde.ca\/wp-content\/uploads\/2024\/01\/celeb002-300x225.jpg\" alt=\"\" width=\"931\" height=\"698\" \/><\/a><\/p>\n<a class=\"synved-social-button synved-social-button-follow synved-social-size-24 synved-social-resolution-single synved-social-provider-facebook nolightbox\" data-provider=\"facebook\" target=\"_blank\" rel=\"nofollow\" title=\"Follow us on Facebook\" href=\"https:\/\/www.facebook.com\/facebook\" style=\"font-size: 0px;width:24px;height:24px;margin:0;margin-bottom:5px;margin-right:5px\"><img loading=\"lazy\" decoding=\"async\" alt=\"Facebook\" title=\"Follow us on Facebook\" class=\"synved-share-image synved-social-image synved-social-image-follow\" width=\"24\" height=\"24\" style=\"display: inline;width:24px;height:24px;margin: 0;padding: 0;border: none;box-shadow: none\" src=\"https:\/\/multi-monde.ca\/es\/wp-content\/plugins\/social-media-feather\/synved-social\/image\/social\/regular\/48x48\/facebook.png\" \/><\/a><a class=\"synved-social-button synved-social-button-follow synved-social-size-24 synved-social-resolution-single synved-social-provider-twitter nolightbox\" data-provider=\"twitter\" target=\"_blank\" rel=\"nofollow\" title=\"Follow us on Twitter\" href=\"https:\/\/twitter.com\/twitter\" style=\"font-size: 0px;width:24px;height:24px;margin:0;margin-bottom:5px;margin-right:5px\"><img loading=\"lazy\" decoding=\"async\" alt=\"twitter\" title=\"Follow us on Twitter\" class=\"synved-share-image synved-social-image synved-social-image-follow\" width=\"24\" height=\"24\" style=\"display: inline;width:24px;height:24px;margin: 0;padding: 0;border: none;box-shadow: none\" src=\"https:\/\/multi-monde.ca\/es\/wp-content\/plugins\/social-media-feather\/synved-social\/image\/social\/regular\/48x48\/twitter.png\" \/><\/a><a class=\"synved-social-button synved-social-button-follow synved-social-size-24 synved-social-resolution-single synved-social-provider-mail nolightbox\" data-provider=\"mail\" rel=\"nofollow\" title=\"Contact Us\" href=\"mailto:mail@example.com?subject=Contact%20Request\" style=\"font-size: 0px;width:24px;height:24px;margin:0;margin-bottom:5px\"><img loading=\"lazy\" decoding=\"async\" alt=\"mail\" title=\"Contact Us\" class=\"synved-share-image synved-social-image synved-social-image-follow\" width=\"24\" height=\"24\" style=\"display: inline;width:24px;height:24px;margin: 0;padding: 0;border: none;box-shadow: none\" src=\"https:\/\/multi-monde.ca\/es\/wp-content\/plugins\/social-media-feather\/synved-social\/image\/social\/regular\/48x48\/mail.png\" \/><\/a>","protected":false},"excerpt":{"rendered":"<p>Durante los primeros 25 a\u00f1os de su vida adulta, a Jos\u00e9 Mar\u00eda Sison se le conoci\u00f3, a niveles diferentes, como el Fidel Castro, el Mao Zedong y el Che Guevara de Filipinas. Desde hace 35 a\u00f1os vive en el exilio, &#8230; <a class=\"styledbutton\" href=\"https:\/\/multi-monde.ca\/es\/mi-amigo-el-terrorista-una-historia-de-amor-y-revolucion\/\">Leer m\u00e1s<\/a><\/p>\n","protected":false},"author":3,"featured_media":52,"comment_status":"closed","ping_status":"closed","sticky":false,"template":"","format":"video","meta":{"_acf_changed":false,"footnotes":""},"categories":[2],"tags":[],"class_list":["post-50","post","type-post","status-publish","format-video","has-post-thumbnail","hentry","category-peliculas","post_format-post-format-video"],"acf":[],"yoast_head":"<!-- This site is optimized with the Yoast SEO plugin v27.4 - https:\/\/yoast.com\/product\/yoast-seo-wordpress\/ -->\n<title>Mi Amigo el Terrorista - Una Historia de amor y revoluci\u00f3n - Multi-Monde ES<\/title>\n<meta name=\"robots\" content=\"index, follow, max-snippet:-1, max-image-preview:large, max-video-preview:-1\" \/>\n<link rel=\"canonical\" href=\"https:\/\/multi-monde.ca\/es\/mi-amigo-el-terrorista-una-historia-de-amor-y-revolucion\/\" \/>\n<meta property=\"og:locale\" content=\"es_ES\" \/>\n<meta property=\"og:type\" content=\"article\" \/>\n<meta property=\"og:title\" content=\"Mi Amigo el Terrorista - Una Historia de amor y revoluci\u00f3n - Multi-Monde ES\" \/>\n<meta property=\"og:description\" content=\"Durante los primeros 25 a\u00f1os de su vida adulta, a Jos\u00e9 Mar\u00eda Sison se le conoci\u00f3, a niveles diferentes, como el Fidel Castro, el Mao Zedong y el Che Guevara de Filipinas. Desde hace 35 a\u00f1os vive en el exilio, ... Leer m\u00e1s\" \/>\n<meta property=\"og:url\" content=\"https:\/\/multi-monde.ca\/es\/mi-amigo-el-terrorista-una-historia-de-amor-y-revolucion\/\" \/>\n<meta property=\"og:site_name\" content=\"Multi-Monde ES\" \/>\n<meta property=\"article:published_time\" content=\"2024-12-09T13:52:18+00:00\" \/>\n<meta property=\"article:modified_time\" content=\"2025-09-21T13:33:48+00:00\" \/>\n<meta property=\"og:image\" content=\"https:\/\/multi-monde.ca\/es\/wp-content\/uploads\/sites\/4\/2024\/12\/1977-JMSinCScamp2-copie-e1706638946539.jpeg\" \/>\n\t<meta property=\"og:image:width\" content=\"400\" \/>\n\t<meta property=\"og:image:height\" content=\"273\" \/>\n\t<meta property=\"og:image:type\" content=\"image\/jpeg\" \/>\n<meta name=\"author\" content=\"Myriam-Zaa Normandin\" \/>\n<meta name=\"twitter:card\" content=\"summary_large_image\" \/>\n<meta name=\"twitter:label1\" content=\"Escrito por\" \/>\n\t<meta name=\"twitter:data1\" content=\"Myriam-Zaa Normandin\" \/>\n\t<meta name=\"twitter:label2\" content=\"Tiempo de lectura\" \/>\n\t<meta name=\"twitter:data2\" content=\"3 minutos\" \/>\n<script type=\"application\/ld+json\" class=\"yoast-schema-graph\">{\"@context\":\"https:\\\/\\\/schema.org\",\"@graph\":[{\"@type\":\"Article\",\"@id\":\"https:\\\/\\\/multi-monde.ca\\\/es\\\/mi-amigo-el-terrorista-una-historia-de-amor-y-revolucion\\\/#article\",\"isPartOf\":{\"@id\":\"https:\\\/\\\/multi-monde.ca\\\/es\\\/mi-amigo-el-terrorista-una-historia-de-amor-y-revolucion\\\/\"},\"author\":{\"name\":\"Myriam-Zaa Normandin\",\"@id\":\"https:\\\/\\\/multi-monde.ca\\\/es\\\/#\\\/schema\\\/person\\\/a2a33862054da280b2e250239403cc57\"},\"headline\":\"Mi Amigo el Terrorista &#8211; Una Historia de amor y revoluci\u00f3n\",\"datePublished\":\"2024-12-09T13:52:18+00:00\",\"dateModified\":\"2025-09-21T13:33:48+00:00\",\"mainEntityOfPage\":{\"@id\":\"https:\\\/\\\/multi-monde.ca\\\/es\\\/mi-amigo-el-terrorista-una-historia-de-amor-y-revolucion\\\/\"},\"wordCount\":643,\"image\":{\"@id\":\"https:\\\/\\\/multi-monde.ca\\\/es\\\/mi-amigo-el-terrorista-una-historia-de-amor-y-revolucion\\\/#primaryimage\"},\"thumbnailUrl\":\"https:\\\/\\\/multi-monde.ca\\\/es\\\/wp-content\\\/uploads\\\/sites\\\/4\\\/2024\\\/12\\\/1977-JMSinCScamp2-copie-e1706638946539.jpeg\",\"articleSection\":[\"Pel\u00edculas\"],\"inLanguage\":\"es\"},{\"@type\":\"WebPage\",\"@id\":\"https:\\\/\\\/multi-monde.ca\\\/es\\\/mi-amigo-el-terrorista-una-historia-de-amor-y-revolucion\\\/\",\"url\":\"https:\\\/\\\/multi-monde.ca\\\/es\\\/mi-amigo-el-terrorista-una-historia-de-amor-y-revolucion\\\/\",\"name\":\"Mi Amigo el Terrorista - Una Historia de amor y revoluci\u00f3n - Multi-Monde ES\",\"isPartOf\":{\"@id\":\"https:\\\/\\\/multi-monde.ca\\\/es\\\/#website\"},\"primaryImageOfPage\":{\"@id\":\"https:\\\/\\\/multi-monde.ca\\\/es\\\/mi-amigo-el-terrorista-una-historia-de-amor-y-revolucion\\\/#primaryimage\"},\"image\":{\"@id\":\"https:\\\/\\\/multi-monde.ca\\\/es\\\/mi-amigo-el-terrorista-una-historia-de-amor-y-revolucion\\\/#primaryimage\"},\"thumbnailUrl\":\"https:\\\/\\\/multi-monde.ca\\\/es\\\/wp-content\\\/uploads\\\/sites\\\/4\\\/2024\\\/12\\\/1977-JMSinCScamp2-copie-e1706638946539.jpeg\",\"datePublished\":\"2024-12-09T13:52:18+00:00\",\"dateModified\":\"2025-09-21T13:33:48+00:00\",\"author\":{\"@id\":\"https:\\\/\\\/multi-monde.ca\\\/es\\\/#\\\/schema\\\/person\\\/a2a33862054da280b2e250239403cc57\"},\"breadcrumb\":{\"@id\":\"https:\\\/\\\/multi-monde.ca\\\/es\\\/mi-amigo-el-terrorista-una-historia-de-amor-y-revolucion\\\/#breadcrumb\"},\"inLanguage\":\"es\",\"potentialAction\":[{\"@type\":\"ReadAction\",\"target\":[\"https:\\\/\\\/multi-monde.ca\\\/es\\\/mi-amigo-el-terrorista-una-historia-de-amor-y-revolucion\\\/\"]}]},{\"@type\":\"ImageObject\",\"inLanguage\":\"es\",\"@id\":\"https:\\\/\\\/multi-monde.ca\\\/es\\\/mi-amigo-el-terrorista-una-historia-de-amor-y-revolucion\\\/#primaryimage\",\"url\":\"https:\\\/\\\/multi-monde.ca\\\/es\\\/wp-content\\\/uploads\\\/sites\\\/4\\\/2024\\\/12\\\/1977-JMSinCScamp2-copie-e1706638946539.jpeg\",\"contentUrl\":\"https:\\\/\\\/multi-monde.ca\\\/es\\\/wp-content\\\/uploads\\\/sites\\\/4\\\/2024\\\/12\\\/1977-JMSinCScamp2-copie-e1706638946539.jpeg\",\"width\":400,\"height\":273,\"caption\":\"Mi Amigo el Terrorista- Una Historia de amor y revoluci\u00f3n\"},{\"@type\":\"BreadcrumbList\",\"@id\":\"https:\\\/\\\/multi-monde.ca\\\/es\\\/mi-amigo-el-terrorista-una-historia-de-amor-y-revolucion\\\/#breadcrumb\",\"itemListElement\":[{\"@type\":\"ListItem\",\"position\":1,\"name\":\"Accueil\",\"item\":\"https:\\\/\\\/multi-monde.ca\\\/es\\\/\"},{\"@type\":\"ListItem\",\"position\":2,\"name\":\"Mi Amigo el Terrorista &#8211; Una Historia de amor y revoluci\u00f3n\"}]},{\"@type\":\"WebSite\",\"@id\":\"https:\\\/\\\/multi-monde.ca\\\/es\\\/#website\",\"url\":\"https:\\\/\\\/multi-monde.ca\\\/es\\\/\",\"name\":\"Multi-Monde ES\",\"description\":\"Producci\u00f3n \\\/ Transmisi\u00f3n\",\"potentialAction\":[{\"@type\":\"SearchAction\",\"target\":{\"@type\":\"EntryPoint\",\"urlTemplate\":\"https:\\\/\\\/multi-monde.ca\\\/es\\\/?s={search_term_string}\"},\"query-input\":{\"@type\":\"PropertyValueSpecification\",\"valueRequired\":true,\"valueName\":\"search_term_string\"}}],\"inLanguage\":\"es\"},{\"@type\":\"Person\",\"@id\":\"https:\\\/\\\/multi-monde.ca\\\/es\\\/#\\\/schema\\\/person\\\/a2a33862054da280b2e250239403cc57\",\"name\":\"Myriam-Zaa Normandin\",\"sameAs\":[\"http:\\\/\\\/www.zaa.cc\"],\"url\":\"https:\\\/\\\/multi-monde.ca\\\/es\\\/author\\\/zaappm\\\/\"}]}<\/script>\n<!-- \/ Yoast SEO plugin. -->","yoast_head_json":{"title":"Mi Amigo el Terrorista - Una Historia de amor y revoluci\u00f3n - Multi-Monde ES","robots":{"index":"index","follow":"follow","max-snippet":"max-snippet:-1","max-image-preview":"max-image-preview:large","max-video-preview":"max-video-preview:-1"},"canonical":"https:\/\/multi-monde.ca\/es\/mi-amigo-el-terrorista-una-historia-de-amor-y-revolucion\/","og_locale":"es_ES","og_type":"article","og_title":"Mi Amigo el Terrorista - Una Historia de amor y revoluci\u00f3n - Multi-Monde ES","og_description":"Durante los primeros 25 a\u00f1os de su vida adulta, a Jos\u00e9 Mar\u00eda Sison se le conoci\u00f3, a niveles diferentes, como el Fidel Castro, el Mao Zedong y el Che Guevara de Filipinas. Desde hace 35 a\u00f1os vive en el exilio, ... Leer m\u00e1s","og_url":"https:\/\/multi-monde.ca\/es\/mi-amigo-el-terrorista-una-historia-de-amor-y-revolucion\/","og_site_name":"Multi-Monde ES","article_published_time":"2024-12-09T13:52:18+00:00","article_modified_time":"2025-09-21T13:33:48+00:00","og_image":[{"width":400,"height":273,"url":"https:\/\/multi-monde.ca\/es\/wp-content\/uploads\/sites\/4\/2024\/12\/1977-JMSinCScamp2-copie-e1706638946539.jpeg","type":"image\/jpeg"}],"author":"Myriam-Zaa Normandin","twitter_card":"summary_large_image","twitter_misc":{"Escrito por":"Myriam-Zaa Normandin","Tiempo de lectura":"3 minutos"},"schema":{"@context":"https:\/\/schema.org","@graph":[{"@type":"Article","@id":"https:\/\/multi-monde.ca\/es\/mi-amigo-el-terrorista-una-historia-de-amor-y-revolucion\/#article","isPartOf":{"@id":"https:\/\/multi-monde.ca\/es\/mi-amigo-el-terrorista-una-historia-de-amor-y-revolucion\/"},"author":{"name":"Myriam-Zaa Normandin","@id":"https:\/\/multi-monde.ca\/es\/#\/schema\/person\/a2a33862054da280b2e250239403cc57"},"headline":"Mi Amigo el Terrorista &#8211; Una Historia de amor y revoluci\u00f3n","datePublished":"2024-12-09T13:52:18+00:00","dateModified":"2025-09-21T13:33:48+00:00","mainEntityOfPage":{"@id":"https:\/\/multi-monde.ca\/es\/mi-amigo-el-terrorista-una-historia-de-amor-y-revolucion\/"},"wordCount":643,"image":{"@id":"https:\/\/multi-monde.ca\/es\/mi-amigo-el-terrorista-una-historia-de-amor-y-revolucion\/#primaryimage"},"thumbnailUrl":"https:\/\/multi-monde.ca\/es\/wp-content\/uploads\/sites\/4\/2024\/12\/1977-JMSinCScamp2-copie-e1706638946539.jpeg","articleSection":["Pel\u00edculas"],"inLanguage":"es"},{"@type":"WebPage","@id":"https:\/\/multi-monde.ca\/es\/mi-amigo-el-terrorista-una-historia-de-amor-y-revolucion\/","url":"https:\/\/multi-monde.ca\/es\/mi-amigo-el-terrorista-una-historia-de-amor-y-revolucion\/","name":"Mi Amigo el Terrorista - Una Historia de amor y revoluci\u00f3n - Multi-Monde ES","isPartOf":{"@id":"https:\/\/multi-monde.ca\/es\/#website"},"primaryImageOfPage":{"@id":"https:\/\/multi-monde.ca\/es\/mi-amigo-el-terrorista-una-historia-de-amor-y-revolucion\/#primaryimage"},"image":{"@id":"https:\/\/multi-monde.ca\/es\/mi-amigo-el-terrorista-una-historia-de-amor-y-revolucion\/#primaryimage"},"thumbnailUrl":"https:\/\/multi-monde.ca\/es\/wp-content\/uploads\/sites\/4\/2024\/12\/1977-JMSinCScamp2-copie-e1706638946539.jpeg","datePublished":"2024-12-09T13:52:18+00:00","dateModified":"2025-09-21T13:33:48+00:00","author":{"@id":"https:\/\/multi-monde.ca\/es\/#\/schema\/person\/a2a33862054da280b2e250239403cc57"},"breadcrumb":{"@id":"https:\/\/multi-monde.ca\/es\/mi-amigo-el-terrorista-una-historia-de-amor-y-revolucion\/#breadcrumb"},"inLanguage":"es","potentialAction":[{"@type":"ReadAction","target":["https:\/\/multi-monde.ca\/es\/mi-amigo-el-terrorista-una-historia-de-amor-y-revolucion\/"]}]},{"@type":"ImageObject","inLanguage":"es","@id":"https:\/\/multi-monde.ca\/es\/mi-amigo-el-terrorista-una-historia-de-amor-y-revolucion\/#primaryimage","url":"https:\/\/multi-monde.ca\/es\/wp-content\/uploads\/sites\/4\/2024\/12\/1977-JMSinCScamp2-copie-e1706638946539.jpeg","contentUrl":"https:\/\/multi-monde.ca\/es\/wp-content\/uploads\/sites\/4\/2024\/12\/1977-JMSinCScamp2-copie-e1706638946539.jpeg","width":400,"height":273,"caption":"Mi Amigo el Terrorista- Una Historia de amor y revoluci\u00f3n"},{"@type":"BreadcrumbList","@id":"https:\/\/multi-monde.ca\/es\/mi-amigo-el-terrorista-una-historia-de-amor-y-revolucion\/#breadcrumb","itemListElement":[{"@type":"ListItem","position":1,"name":"Accueil","item":"https:\/\/multi-monde.ca\/es\/"},{"@type":"ListItem","position":2,"name":"Mi Amigo el Terrorista &#8211; Una Historia de amor y revoluci\u00f3n"}]},{"@type":"WebSite","@id":"https:\/\/multi-monde.ca\/es\/#website","url":"https:\/\/multi-monde.ca\/es\/","name":"Multi-Monde ES","description":"Producci\u00f3n \/ Transmisi\u00f3n","potentialAction":[{"@type":"SearchAction","target":{"@type":"EntryPoint","urlTemplate":"https:\/\/multi-monde.ca\/es\/?s={search_term_string}"},"query-input":{"@type":"PropertyValueSpecification","valueRequired":true,"valueName":"search_term_string"}}],"inLanguage":"es"},{"@type":"Person","@id":"https:\/\/multi-monde.ca\/es\/#\/schema\/person\/a2a33862054da280b2e250239403cc57","name":"Myriam-Zaa Normandin","sameAs":["http:\/\/www.zaa.cc"],"url":"https:\/\/multi-monde.ca\/es\/author\/zaappm\/"}]}},"_links":{"self":[{"href":"https:\/\/multi-monde.ca\/es\/wp-json\/wp\/v2\/posts\/50","targetHints":{"allow":["GET"]}}],"collection":[{"href":"https:\/\/multi-monde.ca\/es\/wp-json\/wp\/v2\/posts"}],"about":[{"href":"https:\/\/multi-monde.ca\/es\/wp-json\/wp\/v2\/types\/post"}],"author":[{"embeddable":true,"href":"https:\/\/multi-monde.ca\/es\/wp-json\/wp\/v2\/users\/3"}],"replies":[{"embeddable":true,"href":"https:\/\/multi-monde.ca\/es\/wp-json\/wp\/v2\/comments?post=50"}],"version-history":[{"count":17,"href":"https:\/\/multi-monde.ca\/es\/wp-json\/wp\/v2\/posts\/50\/revisions"}],"predecessor-version":[{"id":86,"href":"https:\/\/multi-monde.ca\/es\/wp-json\/wp\/v2\/posts\/50\/revisions\/86"}],"wp:featuredmedia":[{"embeddable":true,"href":"https:\/\/multi-monde.ca\/es\/wp-json\/wp\/v2\/media\/52"}],"wp:attachment":[{"href":"https:\/\/multi-monde.ca\/es\/wp-json\/wp\/v2\/media?parent=50"}],"wp:term":[{"taxonomy":"category","embeddable":true,"href":"https:\/\/multi-monde.ca\/es\/wp-json\/wp\/v2\/categories?post=50"},{"taxonomy":"post_tag","embeddable":true,"href":"https:\/\/multi-monde.ca\/es\/wp-json\/wp\/v2\/tags?post=50"}],"curies":[{"name":"wp","href":"https:\/\/api.w.org\/{rel}","templated":true}]}}